{"id":1580,"date":"2018-06-15T19:14:14","date_gmt":"2018-06-16T00:14:14","guid":{"rendered":"https:\/\/www.yaonahuac.com.mx\/ciudadanos-por-puebla\/?p=1580"},"modified":"2018-12-06T11:44:47","modified_gmt":"2018-12-06T17:44:47","slug":"mi-chilapa-querido","status":"publish","type":"post","link":"https:\/\/www.yaonahuac.com.mx\/ciudadanos-por-puebla\/mi-chilapa-querido\/","title":{"rendered":"MI CHILAPA QUERIDO"},"content":{"rendered":"<div id=\"attachment_1581\" style=\"width: 240px\" class=\"wp-caption aligncenter\"><img loading=\"lazy\" decoding=\"async\" aria-describedby=\"caption-attachment-1581\" class=\"wp-image-1581 size-medium\" src=\"https:\/\/www.yaonahuac.com.mx\/ciudadanos-por-puebla\/files\/2018\/06\/KAREM-240x300.jpg\" alt=\"\" width=\"240\" height=\"300\" srcset=\"https:\/\/www.yaonahuac.com.mx\/ciudadanos-por-puebla\/files\/2018\/06\/KAREM-240x300.jpg 240w, https:\/\/www.yaonahuac.com.mx\/ciudadanos-por-puebla\/files\/2018\/06\/KAREM-768x960.jpg 768w, https:\/\/www.yaonahuac.com.mx\/ciudadanos-por-puebla\/files\/2018\/06\/KAREM-819x1024.jpg 819w, https:\/\/www.yaonahuac.com.mx\/ciudadanos-por-puebla\/files\/2018\/06\/KAREM-823x1029.jpg 823w, https:\/\/www.yaonahuac.com.mx\/ciudadanos-por-puebla\/files\/2018\/06\/KAREM.jpg 966w\" sizes=\"auto, (max-width: 240px) 100vw, 240px\" \/><p id=\"caption-attachment-1581\" class=\"wp-caption-text\">KAREM GUADALUPE REYES MEZA, ALUMNA DEL 2\u00b0 SEMESTRE DE LA LICENCIATURA EN INTERVENCI\u00d3N EDUCATIVA. UNIVERSIDAD PEDAG\u00d3GICA NACIONAL, SEDE REGIONAL: ZACAPOAXTLA PUE.<\/p><\/div>\n<p>C\u00f3mo extra\u00f1o salir con mis amigos por las calles empedradas, bajo la luz de la luna, comer un elote asado, ver c\u00f3mo los ni\u00f1os juegan por todo el z\u00f3calo, sin miedo a nada, esos ni\u00f1os que no saben lo que pasa en nuestro Chilapa querido.<\/p>\n<p>C\u00f3mo extra\u00f1o salir de fiesta y reunirnos en el monumento a la madre, ese punto de encuentro que todo Chilapa conoce. Pero se preguntar\u00e1n \u00bfPor qu\u00e9 extra\u00f1o eso? Por la maldita inseguridad que vive cada uno de los chilape\u00f1os y chilape\u00f1as, saber que en cualquier momento te llegar\u00e1 una bala, no deja vivir tranquilo, quita el sue\u00f1o, quita el hambre, quita las ganas de vivir<\/p>\n<p>Hoy recib\u00ed una mala noticia de que otro amigo ha desaparecido, toda la familia est\u00e1 sufriendo por su ausencia, muchos dicen \u201chay que tener\u00a0 f\u00e9 en dios, \u00e9l lo traer\u00e1 de vuelta\u201d y al aparecer dios lo trajo, pero muerto; si muerto, en condiciones deplorables, en p\u00e9simas condiciones que no se puede identificar, \u00bfqu\u00e9 necesidad hay de que te descuarticen y te quemen?<\/p>\n<p>Es mejor que sea con un balazo y no de esta manera. Hoy mi amigo ya est\u00e1 descansando, pero no me imagino el dolor que sinti\u00f3 en ese momento que dejo este mundo y m\u00e1s el dolor de sus padres, su hermano y dem\u00e1s familiares. Me duele ver que mi propio hermano est\u00e9 sufriendo porque le quitaron a un amigo de toda la vida, a ese amigo que vimos creer, convertirse en pap\u00e1, un hombre trabajador y hoy ya no estar\u00e1 con nosotros. Todos sufrimos esta p\u00e9rdida, yo estando aqu\u00ed, no los puedo acompa\u00f1ar y siento tanta impotencia de que estos malditos a\u00fan siguen haciendo de las suyas.<\/p>\n<p>\u00bfCu\u00e1ndo se acabar\u00e1 esto? Espero que pronto, mis padres por miedo no quieren que los vaya a visitar, por ese miedo que a todos nos invade, que carcome las entra\u00f1as, que paraliza la respiraci\u00f3n y los latidos. Pero nosotros no debemos nada y tenemos miedo, miedo porque en cualquier momento nos puedan dar un susto, o enfrentarse a balazos y que sin deberla, ni temerla, salgamos perjudicados.<\/p>\n<p>El gobierno, ese maldito gobierno que dice que en Chilapa \u201cno pasa nada\u201d, que hay mucha seguridad, \u00a1\u00a1\u00a1qu\u00e9 seguridad ni que la chingada!!!, ellos est\u00e1n con esos malditos delincuentes, por eso a ellos no les pasa nada, el ej\u00e9rcito se hace de la vista gorda, saben perfectamente qui\u00e9nes son los maleantes, pero entonces \u00bfpor qu\u00e9 no los atrapan?, \u00bfser\u00e1 que les dan su mochada?, eso da mucho en qu\u00e9 pensar.<\/p>\n<p>C\u00f3mo duele ver as\u00ed a mi Chilapa querido, cu\u00e1nta impotencia estruja los m\u00fasculos de mi cuerpo al ver una noticia, o\u00edr que alguien muri\u00f3, escuchar gritos de angustia, ver las calles vac\u00edas, sin la vida y la alegr\u00eda que ve\u00eda cada vez que sal\u00eda a dar el rol por el z\u00f3calo, pero a\u00fan tengo la esperanza de regresar a mi Chilapa y ver todo c\u00f3mo antes sol\u00eda ser.<\/p>\n","protected":false},"excerpt":{"rendered":"<p>C\u00f3mo extra\u00f1o salir con mis amigos por las calles empedradas, bajo la luz de la luna, comer un elote asado, ver c\u00f3mo los ni\u00f1os juegan por todo el z\u00f3calo, sin miedo a nada, esos ni\u00f1os que no saben lo que pasa en nuestro Chilapa querido. C\u00f3mo extra\u00f1o salir de fiesta y reunirnos en el monumento &hellip; <\/p>\n<p><a class=\"more-link btn\" href=\"https:\/\/www.yaonahuac.com.mx\/ciudadanos-por-puebla\/mi-chilapa-querido\/\">Seguir leyendo<\/a><\/p>\n","protected":false},"author":5,"featured_media":1581,"comment_status":"closed","ping_status":"open","sticky":false,"template":"","format":"standard","meta":{"footnotes":""},"categories":[1],"tags":[],"class_list":["post-1580","post","type-post","status-publish","format-standard","has-post-thumbnail","hentry","category-sin-categoria","item-wrap"],"_links":{"self":[{"href":"https:\/\/www.yaonahuac.com.mx\/ciudadanos-por-puebla\/wp-json\/wp\/v2\/posts\/1580","targetHints":{"allow":["GET"]}}],"collection":[{"href":"https:\/\/www.yaonahuac.com.mx\/ciudadanos-por-puebla\/wp-json\/wp\/v2\/posts"}],"about":[{"href":"https:\/\/www.yaonahuac.com.mx\/ciudadanos-por-puebla\/wp-json\/wp\/v2\/types\/post"}],"author":[{"embeddable":true,"href":"https:\/\/www.yaonahuac.com.mx\/ciudadanos-por-puebla\/wp-json\/wp\/v2\/users\/5"}],"replies":[{"embeddable":true,"href":"https:\/\/www.yaonahuac.com.mx\/ciudadanos-por-puebla\/wp-json\/wp\/v2\/comments?post=1580"}],"version-history":[{"count":0,"href":"https:\/\/www.yaonahuac.com.mx\/ciudadanos-por-puebla\/wp-json\/wp\/v2\/posts\/1580\/revisions"}],"wp:featuredmedia":[{"embeddable":true,"href":"https:\/\/www.yaonahuac.com.mx\/ciudadanos-por-puebla\/wp-json\/wp\/v2\/media\/1581"}],"wp:attachment":[{"href":"https:\/\/www.yaonahuac.com.mx\/ciudadanos-por-puebla\/wp-json\/wp\/v2\/media?parent=1580"}],"wp:term":[{"taxonomy":"category","embeddable":true,"href":"https:\/\/www.yaonahuac.com.mx\/ciudadanos-por-puebla\/wp-json\/wp\/v2\/categories?post=1580"},{"taxonomy":"post_tag","embeddable":true,"href":"https:\/\/www.yaonahuac.com.mx\/ciudadanos-por-puebla\/wp-json\/wp\/v2\/tags?post=1580"}],"curies":[{"name":"wp","href":"https:\/\/api.w.org\/{rel}","templated":true}]}}